{"id":2950,"count":5,"description":"<b>La Solution Polyvalente pour Repas et D\u00e9tente<\/b>\r\nLe parasol \u00e0 m\u00e2t central est une ic\u00f4ne irrempla\u00e7able de la terrasse m\u00e9diterran\u00e9enne de par sa simplicit\u00e9 et son efficacit\u00e9. Con\u00e7us pour s'int\u00e9grer parfaitement au centre de nos <a href=\"https:\/\/www.lavillagardendesign.com\/fr\/categorie-produit\/tables-fr\/tables-repas\/\"><b>Tables de Repas<\/b><\/a> pr\u00e9par\u00e9es avec un orifice, ils offrent une ombre z\u00e9nithale qui prot\u00e8ge tous les convives de mani\u00e8re \u00e9gale. Ils sont \u00e9galement id\u00e9aux pour \u00eatre plac\u00e9s entre deux bains de soleil, projetant une ombre sym\u00e9trique qui invite \u00e0 la lecture et au repos sans complications m\u00e9caniques.\r\n\r\n<b>Stabilit\u00e9 et Mat\u00e9riaux Nobles<\/b>\r\nChez La Villa, nous privil\u00e9gions la r\u00e9sistance aux brises c\u00f4ti\u00e8res. Nos mod\u00e8les disposent de m\u00e2ts robustes en bois de teck pour un look nautique classique, ou en aluminium anodis\u00e9 pour une esth\u00e9tique moderne et sans entretien. N'oubliez pas que la s\u00e9curit\u00e9 est primordiale : assurez toujours la fermet\u00e9 de votre parasol en l'associant \u00e0 nos <a href=\"https:\/\/www.lavillagardendesign.com\/fr\/categorie-produit\/parasols\/bases-de-parasol\/\"><b>Bases de Parasol<\/b><\/a> adapt\u00e9es au poids et \u00e0 l'envergure de la toile.","link":"https:\/\/www.lavillagardendesign.com\/fr\/categorie-produit\/outdoor-fr\/parasols\/parasols-fixes\/","name":"Parasols Fixes","slug":"parasols-fixes","taxonomy":"product_cat","parent":2941,"meta":[],"menu_order":28,"yoast_head":"<!-- This site is optimized with the Yoast SEO plugin v27.4 - https:\/\/yoast.com\/product\/yoast-seo-wordpress\/ -->\n<title>Parasols Fixes Archives - La Villa Garden&amp;Design<\/title>\n<meta name=\"robots\" content=\"index, follow, max-snippet:-1, max-image-preview:large, max-video-preview:-1\" \/>\n<link rel=\"canonical\" href=\"https:\/\/www.lavillagardendesign.com\/fr\/categorie-produit\/parasols\/parasols-fixes\/\" \/>\n<meta property=\"og:locale\" content=\"fr_FR\" \/>\n<meta property=\"og:type\" content=\"article\" \/>\n<meta property=\"og:title\" content=\"Parasols Fixes Archives - La Villa Garden&amp;Design\" \/>\n<meta property=\"og:description\" content=\"La Solution Polyvalente pour Repas et D\u00e9tente Le parasol \u00e0 m\u00e2t central est une ic\u00f4ne irrempla\u00e7able de la terrasse m\u00e9diterran\u00e9enne de par sa simplicit\u00e9 et son efficacit\u00e9. Con\u00e7us pour s&rsquo;int\u00e9grer parfaitement au centre de nos Tables de Repas pr\u00e9par\u00e9es avec un orifice, ils offrent une ombre z\u00e9nithale qui prot\u00e8ge tous les convives de mani\u00e8re \u00e9gale. Ils sont \u00e9galement id\u00e9aux pour \u00eatre plac\u00e9s entre deux bains de soleil, projetant une ombre sym\u00e9trique qui invite \u00e0 la lecture et au repos sans complications m\u00e9caniques. Stabilit\u00e9 et Mat\u00e9riaux Nobles Chez La Villa, nous privil\u00e9gions la r\u00e9sistance aux brises c\u00f4ti\u00e8res. Nos mod\u00e8les disposent de m\u00e2ts robustes en bois de teck pour un look nautique classique, ou en aluminium anodis\u00e9 pour une esth\u00e9tique moderne et sans entretien. N&rsquo;oubliez pas que la s\u00e9curit\u00e9 est primordiale : assurez toujours la fermet\u00e9 de votre parasol en l&rsquo;associant \u00e0 nos Bases de Parasol adapt\u00e9es au poids et \u00e0 l&rsquo;envergure de la toile.\" \/>\n<meta property=\"og:url\" content=\"https:\/\/www.lavillagardendesign.com\/fr\/categorie-produit\/parasols\/parasols-fixes\/\" \/>\n<meta property=\"og:site_name\" content=\"La Villa Garden&amp;Design\" \/>\n<meta name=\"twitter:card\" content=\"summary_large_image\" \/>\n<script type=\"application\/ld+json\" class=\"yoast-schema-graph\">{\"@context\":\"https:\\\/\\\/schema.org\",\"@graph\":[{\"@type\":\"CollectionPage\",\"@id\":\"https:\\\/\\\/www.lavillagardendesign.com\\\/fr\\\/categorie-produit\\\/parasols\\\/parasols-fixes\\\/\",\"url\":\"https:\\\/\\\/www.lavillagardendesign.com\\\/fr\\\/categorie-produit\\\/parasols\\\/parasols-fixes\\\/\",\"name\":\"Parasols Fixes Archives - La Villa Garden&amp;Design\",\"isPartOf\":{\"@id\":\"https:\\\/\\\/www.lavillagardendesign.com\\\/#website\"},\"breadcrumb\":{\"@id\":\"https:\\\/\\\/www.lavillagardendesign.com\\\/fr\\\/categorie-produit\\\/parasols\\\/parasols-fixes\\\/#breadcrumb\"},\"inLanguage\":\"fr-FR\"},{\"@type\":\"BreadcrumbList\",\"@id\":\"https:\\\/\\\/www.lavillagardendesign.com\\\/fr\\\/categorie-produit\\\/parasols\\\/parasols-fixes\\\/#breadcrumb\",\"itemListElement\":[{\"@type\":\"ListItem\",\"position\":1,\"name\":\"Home\",\"item\":\"https:\\\/\\\/www.lavillagardendesign.com\\\/\"},{\"@type\":\"ListItem\",\"position\":2,\"name\":\"Parasols\",\"item\":\"https:\\\/\\\/www.lavillagardendesign.com\\\/fr\\\/product-category\\\/parasols\\\/\"},{\"@type\":\"ListItem\",\"position\":3,\"name\":\"Classic Sunshades\"}]},{\"@type\":\"WebSite\",\"@id\":\"https:\\\/\\\/www.lavillagardendesign.com\\\/#website\",\"url\":\"https:\\\/\\\/www.lavillagardendesign.com\\\/\",\"name\":\"La Villa Garden&Design\",\"description\":\"\",\"publisher\":{\"@id\":\"https:\\\/\\\/www.lavillagardendesign.com\\\/#organization\"},\"potentialAction\":[{\"@type\":\"SearchAction\",\"target\":{\"@type\":\"EntryPoint\",\"urlTemplate\":\"https:\\\/\\\/www.lavillagardendesign.com\\\/?s={search_term_string}\"},\"query-input\":{\"@type\":\"PropertyValueSpecification\",\"valueRequired\":true,\"valueName\":\"search_term_string\"}}],\"inLanguage\":\"fr-FR\"},{\"@type\":\"Organization\",\"@id\":\"https:\\\/\\\/www.lavillagardendesign.com\\\/#organization\",\"name\":\"La Villa Garden&Design\",\"url\":\"https:\\\/\\\/www.lavillagardendesign.com\\\/\",\"logo\":{\"@type\":\"ImageObject\",\"inLanguage\":\"fr-FR\",\"@id\":\"https:\\\/\\\/www.lavillagardendesign.com\\\/#\\\/schema\\\/logo\\\/image\\\/\",\"url\":\"https:\\\/\\\/www.lavillagardendesign.com\\\/wp-content\\\/uploads\\\/2024\\\/04\\\/logolavilla.png\",\"contentUrl\":\"https:\\\/\\\/www.lavillagardendesign.com\\\/wp-content\\\/uploads\\\/2024\\\/04\\\/logolavilla.png\",\"width\":682,\"height\":391,\"caption\":\"La Villa Garden&Design\"},\"image\":{\"@id\":\"https:\\\/\\\/www.lavillagardendesign.com\\\/#\\\/schema\\\/logo\\\/image\\\/\"},\"sameAs\":[\"https:\\\/\\\/www.facebook.com\\\/lavillagardendesign\\\/\"]}]}<\/script>\n<!-- \/ Yoast SEO plugin. -->","yoast_head_json":{"title":"Parasols Fixes Archives - La Villa Garden&amp;Design","robots":{"index":"index","follow":"follow","max-snippet":"max-snippet:-1","max-image-preview":"max-image-preview:large","max-video-preview":"max-video-preview:-1"},"canonical":"https:\/\/www.lavillagardendesign.com\/fr\/categorie-produit\/parasols\/parasols-fixes\/","og_locale":"fr_FR","og_type":"article","og_title":"Parasols Fixes Archives - La Villa Garden&amp;Design","og_description":"La Solution Polyvalente pour Repas et D\u00e9tente Le parasol \u00e0 m\u00e2t central est une ic\u00f4ne irrempla\u00e7able de la terrasse m\u00e9diterran\u00e9enne de par sa simplicit\u00e9 et son efficacit\u00e9. Con\u00e7us pour s&rsquo;int\u00e9grer parfaitement au centre de nos Tables de Repas pr\u00e9par\u00e9es avec un orifice, ils offrent une ombre z\u00e9nithale qui prot\u00e8ge tous les convives de mani\u00e8re \u00e9gale. Ils sont \u00e9galement id\u00e9aux pour \u00eatre plac\u00e9s entre deux bains de soleil, projetant une ombre sym\u00e9trique qui invite \u00e0 la lecture et au repos sans complications m\u00e9caniques. Stabilit\u00e9 et Mat\u00e9riaux Nobles Chez La Villa, nous privil\u00e9gions la r\u00e9sistance aux brises c\u00f4ti\u00e8res. Nos mod\u00e8les disposent de m\u00e2ts robustes en bois de teck pour un look nautique classique, ou en aluminium anodis\u00e9 pour une esth\u00e9tique moderne et sans entretien. N&rsquo;oubliez pas que la s\u00e9curit\u00e9 est primordiale : assurez toujours la fermet\u00e9 de votre parasol en l&rsquo;associant \u00e0 nos Bases de Parasol adapt\u00e9es au poids et \u00e0 l&rsquo;envergure de la toile.","og_url":"https:\/\/www.lavillagardendesign.com\/fr\/categorie-produit\/parasols\/parasols-fixes\/","og_site_name":"La Villa Garden&amp;Design","twitter_card":"summary_large_image","schema":{"@context":"https:\/\/schema.org","@graph":[{"@type":"CollectionPage","@id":"https:\/\/www.lavillagardendesign.com\/fr\/categorie-produit\/parasols\/parasols-fixes\/","url":"https:\/\/www.lavillagardendesign.com\/fr\/categorie-produit\/parasols\/parasols-fixes\/","name":"Parasols Fixes Archives - La Villa Garden&amp;Design","isPartOf":{"@id":"https:\/\/www.lavillagardendesign.com\/#website"},"breadcrumb":{"@id":"https:\/\/www.lavillagardendesign.com\/fr\/categorie-produit\/parasols\/parasols-fixes\/#breadcrumb"},"inLanguage":"fr-FR"},{"@type":"BreadcrumbList","@id":"https:\/\/www.lavillagardendesign.com\/fr\/categorie-produit\/parasols\/parasols-fixes\/#breadcrumb","itemListElement":[{"@type":"ListItem","position":1,"name":"Home","item":"https:\/\/www.lavillagardendesign.com\/"},{"@type":"ListItem","position":2,"name":"Parasols","item":"https:\/\/www.lavillagardendesign.com\/fr\/product-category\/parasols\/"},{"@type":"ListItem","position":3,"name":"Classic Sunshades"}]},{"@type":"WebSite","@id":"https:\/\/www.lavillagardendesign.com\/#website","url":"https:\/\/www.lavillagardendesign.com\/","name":"La Villa Garden&Design","description":"","publisher":{"@id":"https:\/\/www.lavillagardendesign.com\/#organization"},"potentialAction":[{"@type":"SearchAction","target":{"@type":"EntryPoint","urlTemplate":"https:\/\/www.lavillagardendesign.com\/?s={search_term_string}"},"query-input":{"@type":"PropertyValueSpecification","valueRequired":true,"valueName":"search_term_string"}}],"inLanguage":"fr-FR"},{"@type":"Organization","@id":"https:\/\/www.lavillagardendesign.com\/#organization","name":"La Villa Garden&Design","url":"https:\/\/www.lavillagardendesign.com\/","logo":{"@type":"ImageObject","inLanguage":"fr-FR","@id":"https:\/\/www.lavillagardendesign.com\/#\/schema\/logo\/image\/","url":"https:\/\/www.lavillagardendesign.com\/wp-content\/uploads\/2024\/04\/logolavilla.png","contentUrl":"https:\/\/www.lavillagardendesign.com\/wp-content\/uploads\/2024\/04\/logolavilla.png","width":682,"height":391,"caption":"La Villa Garden&Design"},"image":{"@id":"https:\/\/www.lavillagardendesign.com\/#\/schema\/logo\/image\/"},"sameAs":["https:\/\/www.facebook.com\/lavillagardendesign\/"]}]}},"_links":{"self":[{"href":"https:\/\/www.lavillagardendesign.com\/fr\/wp-json\/wp\/v2\/product_cat\/2950","targetHints":{"allow":["GET"]}}],"collection":[{"href":"https:\/\/www.lavillagardendesign.com\/fr\/wp-json\/wp\/v2\/product_cat"}],"about":[{"href":"https:\/\/www.lavillagardendesign.com\/fr\/wp-json\/wp\/v2\/taxonomies\/product_cat"}],"up":[{"embeddable":true,"href":"https:\/\/www.lavillagardendesign.com\/fr\/wp-json\/wp\/v2\/product_cat\/2941"}],"wp:post_type":[{"href":"https:\/\/www.lavillagardendesign.com\/fr\/wp-json\/wp\/v2\/product?product_cat=2950"}],"curies":[{"name":"wp","href":"https:\/\/api.w.org\/{rel}","templated":true}]}}