{"id":2945,"count":37,"description":"<b>Le Pivot de votre Salon d'Ext\u00e9rieur<\/b>\r\nLa table basse articule l'espace de r\u00e9union, apportant surface et style. Choisissez entre des formes organiques ou g\u00e9om\u00e9triques pour d\u00e9finir la personnalit\u00e9 de votre\u00a0<i>outdoor living<\/i>. Ces pi\u00e8ces sont le compl\u00e9ment indispensable de notre collection de <a href=\"https:\/\/www.lavillagardendesign.com\/fr\/categorie-produit\/canapes-fauteuils\/\"><b>Canap\u00e9s d'Ext\u00e9rieur<\/b><\/a><a href=\"https:\/\/www.lavillagardendesign.com\/es\/categoria-producto\/sofas-y-butacas\/,\" target=\"_blank\" rel=\"noopener\" data-saferedirecturl=\"https:\/\/www.google.com\/url?q=https:\/\/www.lavillagardendesign.com\/es\/categoria-producto\/sofas-y-butacas\/,&amp;source=gmail&amp;ust=1766134544002000&amp;usg=AOvVaw0f9-Ot_bCgg5rMeoGXnuCJ\">,<\/a>\u00a0fermant l'ensemble visuel avec harmonie.\r\n\r\n<b>\u00a0Des Textures qui Inspirent<\/b>\r\nJouez avec les mat\u00e9riaux pour cr\u00e9er des contrastes uniques. Une table basse en teck naturel apporte de la chaleur, tandis que l'aluminium offre de la modernit\u00e9. Toutes nos surfaces sont trait\u00e9es pour r\u00e9sister \u00e0 l'usage ext\u00e9rieur sans perdre leur charme.","link":"https:\/\/www.lavillagardendesign.com\/fr\/categorie-produit\/outdoor-fr\/tables-fr\/tables-basses\/","name":"Tables Basses","slug":"tables-basses","taxonomy":"product_cat","parent":2944,"meta":[],"menu_order":11,"yoast_head":"<!-- This site is optimized with the Yoast SEO plugin v27.4 - https:\/\/yoast.com\/product\/yoast-seo-wordpress\/ -->\n<title>Tables Basses Archives - La Villa Garden&amp;Design<\/title>\n<meta name=\"robots\" content=\"index, follow, max-snippet:-1, max-image-preview:large, max-video-preview:-1\" \/>\n<link rel=\"canonical\" href=\"https:\/\/www.lavillagardendesign.com\/fr\/categorie-produit\/tables-fr\/tables-basses\/\" \/>\n<meta property=\"og:locale\" content=\"fr_FR\" \/>\n<meta property=\"og:type\" content=\"article\" \/>\n<meta property=\"og:title\" content=\"Tables Basses Archives - La Villa Garden&amp;Design\" \/>\n<meta property=\"og:description\" content=\"Le Pivot de votre Salon d&rsquo;Ext\u00e9rieur La table basse articule l&rsquo;espace de r\u00e9union, apportant surface et style. Choisissez entre des formes organiques ou g\u00e9om\u00e9triques pour d\u00e9finir la personnalit\u00e9 de votre\u00a0outdoor living. Ces pi\u00e8ces sont le compl\u00e9ment indispensable de notre collection de Canap\u00e9s d&rsquo;Ext\u00e9rieur,\u00a0fermant l&rsquo;ensemble visuel avec harmonie. \u00a0Des Textures qui Inspirent Jouez avec les mat\u00e9riaux pour cr\u00e9er des contrastes uniques. Une table basse en teck naturel apporte de la chaleur, tandis que l&rsquo;aluminium offre de la modernit\u00e9. Toutes nos surfaces sont trait\u00e9es pour r\u00e9sister \u00e0 l&rsquo;usage ext\u00e9rieur sans perdre leur charme.\" \/>\n<meta property=\"og:url\" content=\"https:\/\/www.lavillagardendesign.com\/fr\/categorie-produit\/tables-fr\/tables-basses\/\" \/>\n<meta property=\"og:site_name\" content=\"La Villa Garden&amp;Design\" \/>\n<meta name=\"twitter:card\" content=\"summary_large_image\" \/>\n<script type=\"application\/ld+json\" class=\"yoast-schema-graph\">{\"@context\":\"https:\\\/\\\/schema.org\",\"@graph\":[{\"@type\":\"CollectionPage\",\"@id\":\"https:\\\/\\\/www.lavillagardendesign.com\\\/fr\\\/categorie-produit\\\/tables-fr\\\/tables-basses\\\/\",\"url\":\"https:\\\/\\\/www.lavillagardendesign.com\\\/fr\\\/categorie-produit\\\/tables-fr\\\/tables-basses\\\/\",\"name\":\"Tables Basses Archives - La Villa Garden&amp;Design\",\"isPartOf\":{\"@id\":\"https:\\\/\\\/www.lavillagardendesign.com\\\/#website\"},\"breadcrumb\":{\"@id\":\"https:\\\/\\\/www.lavillagardendesign.com\\\/fr\\\/categorie-produit\\\/tables-fr\\\/tables-basses\\\/#breadcrumb\"},\"inLanguage\":\"fr-FR\"},{\"@type\":\"BreadcrumbList\",\"@id\":\"https:\\\/\\\/www.lavillagardendesign.com\\\/fr\\\/categorie-produit\\\/tables-fr\\\/tables-basses\\\/#breadcrumb\",\"itemListElement\":[{\"@type\":\"ListItem\",\"position\":1,\"name\":\"Home\",\"item\":\"https:\\\/\\\/www.lavillagardendesign.com\\\/\"},{\"@type\":\"ListItem\",\"position\":2,\"name\":\"Tables\",\"item\":\"https:\\\/\\\/www.lavillagardendesign.com\\\/fr\\\/product-category\\\/tables-fr\\\/\"},{\"@type\":\"ListItem\",\"position\":3,\"name\":\"Tables Basses\"}]},{\"@type\":\"WebSite\",\"@id\":\"https:\\\/\\\/www.lavillagardendesign.com\\\/#website\",\"url\":\"https:\\\/\\\/www.lavillagardendesign.com\\\/\",\"name\":\"La Villa Garden&Design\",\"description\":\"\",\"publisher\":{\"@id\":\"https:\\\/\\\/www.lavillagardendesign.com\\\/#organization\"},\"potentialAction\":[{\"@type\":\"SearchAction\",\"target\":{\"@type\":\"EntryPoint\",\"urlTemplate\":\"https:\\\/\\\/www.lavillagardendesign.com\\\/?s={search_term_string}\"},\"query-input\":{\"@type\":\"PropertyValueSpecification\",\"valueRequired\":true,\"valueName\":\"search_term_string\"}}],\"inLanguage\":\"fr-FR\"},{\"@type\":\"Organization\",\"@id\":\"https:\\\/\\\/www.lavillagardendesign.com\\\/#organization\",\"name\":\"La Villa Garden&Design\",\"url\":\"https:\\\/\\\/www.lavillagardendesign.com\\\/\",\"logo\":{\"@type\":\"ImageObject\",\"inLanguage\":\"fr-FR\",\"@id\":\"https:\\\/\\\/www.lavillagardendesign.com\\\/#\\\/schema\\\/logo\\\/image\\\/\",\"url\":\"https:\\\/\\\/www.lavillagardendesign.com\\\/wp-content\\\/uploads\\\/2024\\\/04\\\/logolavilla.png\",\"contentUrl\":\"https:\\\/\\\/www.lavillagardendesign.com\\\/wp-content\\\/uploads\\\/2024\\\/04\\\/logolavilla.png\",\"width\":682,\"height\":391,\"caption\":\"La Villa Garden&Design\"},\"image\":{\"@id\":\"https:\\\/\\\/www.lavillagardendesign.com\\\/#\\\/schema\\\/logo\\\/image\\\/\"},\"sameAs\":[\"https:\\\/\\\/www.facebook.com\\\/lavillagardendesign\\\/\"]}]}<\/script>\n<!-- \/ Yoast SEO plugin. -->","yoast_head_json":{"title":"Tables Basses Archives - La Villa Garden&amp;Design","robots":{"index":"index","follow":"follow","max-snippet":"max-snippet:-1","max-image-preview":"max-image-preview:large","max-video-preview":"max-video-preview:-1"},"canonical":"https:\/\/www.lavillagardendesign.com\/fr\/categorie-produit\/tables-fr\/tables-basses\/","og_locale":"fr_FR","og_type":"article","og_title":"Tables Basses Archives - La Villa Garden&amp;Design","og_description":"Le Pivot de votre Salon d&rsquo;Ext\u00e9rieur La table basse articule l&rsquo;espace de r\u00e9union, apportant surface et style. Choisissez entre des formes organiques ou g\u00e9om\u00e9triques pour d\u00e9finir la personnalit\u00e9 de votre\u00a0outdoor living. Ces pi\u00e8ces sont le compl\u00e9ment indispensable de notre collection de Canap\u00e9s d&rsquo;Ext\u00e9rieur,\u00a0fermant l&rsquo;ensemble visuel avec harmonie. \u00a0Des Textures qui Inspirent Jouez avec les mat\u00e9riaux pour cr\u00e9er des contrastes uniques. Une table basse en teck naturel apporte de la chaleur, tandis que l&rsquo;aluminium offre de la modernit\u00e9. Toutes nos surfaces sont trait\u00e9es pour r\u00e9sister \u00e0 l&rsquo;usage ext\u00e9rieur sans perdre leur charme.","og_url":"https:\/\/www.lavillagardendesign.com\/fr\/categorie-produit\/tables-fr\/tables-basses\/","og_site_name":"La Villa Garden&amp;Design","twitter_card":"summary_large_image","schema":{"@context":"https:\/\/schema.org","@graph":[{"@type":"CollectionPage","@id":"https:\/\/www.lavillagardendesign.com\/fr\/categorie-produit\/tables-fr\/tables-basses\/","url":"https:\/\/www.lavillagardendesign.com\/fr\/categorie-produit\/tables-fr\/tables-basses\/","name":"Tables Basses Archives - La Villa Garden&amp;Design","isPartOf":{"@id":"https:\/\/www.lavillagardendesign.com\/#website"},"breadcrumb":{"@id":"https:\/\/www.lavillagardendesign.com\/fr\/categorie-produit\/tables-fr\/tables-basses\/#breadcrumb"},"inLanguage":"fr-FR"},{"@type":"BreadcrumbList","@id":"https:\/\/www.lavillagardendesign.com\/fr\/categorie-produit\/tables-fr\/tables-basses\/#breadcrumb","itemListElement":[{"@type":"ListItem","position":1,"name":"Home","item":"https:\/\/www.lavillagardendesign.com\/"},{"@type":"ListItem","position":2,"name":"Tables","item":"https:\/\/www.lavillagardendesign.com\/fr\/product-category\/tables-fr\/"},{"@type":"ListItem","position":3,"name":"Tables Basses"}]},{"@type":"WebSite","@id":"https:\/\/www.lavillagardendesign.com\/#website","url":"https:\/\/www.lavillagardendesign.com\/","name":"La Villa Garden&Design","description":"","publisher":{"@id":"https:\/\/www.lavillagardendesign.com\/#organization"},"potentialAction":[{"@type":"SearchAction","target":{"@type":"EntryPoint","urlTemplate":"https:\/\/www.lavillagardendesign.com\/?s={search_term_string}"},"query-input":{"@type":"PropertyValueSpecification","valueRequired":true,"valueName":"search_term_string"}}],"inLanguage":"fr-FR"},{"@type":"Organization","@id":"https:\/\/www.lavillagardendesign.com\/#organization","name":"La Villa Garden&Design","url":"https:\/\/www.lavillagardendesign.com\/","logo":{"@type":"ImageObject","inLanguage":"fr-FR","@id":"https:\/\/www.lavillagardendesign.com\/#\/schema\/logo\/image\/","url":"https:\/\/www.lavillagardendesign.com\/wp-content\/uploads\/2024\/04\/logolavilla.png","contentUrl":"https:\/\/www.lavillagardendesign.com\/wp-content\/uploads\/2024\/04\/logolavilla.png","width":682,"height":391,"caption":"La Villa Garden&Design"},"image":{"@id":"https:\/\/www.lavillagardendesign.com\/#\/schema\/logo\/image\/"},"sameAs":["https:\/\/www.facebook.com\/lavillagardendesign\/"]}]}},"_links":{"self":[{"href":"https:\/\/www.lavillagardendesign.com\/fr\/wp-json\/wp\/v2\/product_cat\/2945","targetHints":{"allow":["GET"]}}],"collection":[{"href":"https:\/\/www.lavillagardendesign.com\/fr\/wp-json\/wp\/v2\/product_cat"}],"about":[{"href":"https:\/\/www.lavillagardendesign.com\/fr\/wp-json\/wp\/v2\/taxonomies\/product_cat"}],"up":[{"embeddable":true,"href":"https:\/\/www.lavillagardendesign.com\/fr\/wp-json\/wp\/v2\/product_cat\/2944"}],"wp:post_type":[{"href":"https:\/\/www.lavillagardendesign.com\/fr\/wp-json\/wp\/v2\/product?product_cat=2945"}],"curies":[{"name":"wp","href":"https:\/\/api.w.org\/{rel}","templated":true}]}}