{"id":2936,"count":46,"description":"<strong>Caract\u00e8re et Confort Individuel<\/strong>\r\nLe fauteuil est la pi\u00e8ce qui rompt l'uniformit\u00e9 et apporte du caract\u00e8re \u00e0 l'ensemble. Qu'il s'agisse d'une pi\u00e8ce sculpturale en corde tress\u00e9e ou d'un fauteuil en teck bas et profond, nos fauteuils sont con\u00e7us pour \u00e9pouser le corps. C'est l'endroit id\u00e9al pour profiter d'une lecture tranquille ou d'un caf\u00e9 matinal avec vue sur le jardin.\r\n\r\n<strong>Le Compl\u00e9ment Parfait<\/strong>\r\nUn fauteuil ne doit jamais \u00eatre seul. Accompagnez-le toujours d'une <a href=\"https:\/\/www.lavillagardendesign.com\/fr\/categorie-produit\/tables-fr\/tables-auxiliaires\/\">Table d'Appoint <\/a>pour garder votre boisson ou votre appareil \u00e0 port\u00e9e de main. De plus, pour maximiser l'exp\u00e9rience de d\u00e9tente, bon nombre de nos mod\u00e8les disposent de <a href=\"https:\/\/www.lavillagardendesign.com\/fr\/categorie-produit\/accessoires\/poufs\/\">Repose-pieds<\/a> assortis, transformant un simple fauteuil en une chaise longue improvis\u00e9e au confort maximal.","link":"https:\/\/www.lavillagardendesign.com\/fr\/categorie-produit\/outdoor-fr\/canapes-fauteuils\/fauteuils\/","name":"Fauteuils","slug":"fauteuils","taxonomy":"product_cat","parent":2935,"meta":[],"menu_order":18,"yoast_head":"<!-- This site is optimized with the Yoast SEO plugin v27.4 - https:\/\/yoast.com\/product\/yoast-seo-wordpress\/ -->\n<title>Fauteuils Archives - La Villa Garden&amp;Design<\/title>\n<meta name=\"robots\" content=\"index, follow, max-snippet:-1, max-image-preview:large, max-video-preview:-1\" \/>\n<link rel=\"canonical\" href=\"https:\/\/www.lavillagardendesign.com\/fr\/categorie-produit\/canapes-fauteuils\/fauteuils\/\" \/>\n<meta property=\"og:locale\" content=\"fr_FR\" \/>\n<meta property=\"og:type\" content=\"article\" \/>\n<meta property=\"og:title\" content=\"Fauteuils Archives - La Villa Garden&amp;Design\" \/>\n<meta property=\"og:description\" content=\"Caract\u00e8re et Confort Individuel Le fauteuil est la pi\u00e8ce qui rompt l&rsquo;uniformit\u00e9 et apporte du caract\u00e8re \u00e0 l&rsquo;ensemble. Qu&rsquo;il s&rsquo;agisse d&rsquo;une pi\u00e8ce sculpturale en corde tress\u00e9e ou d&rsquo;un fauteuil en teck bas et profond, nos fauteuils sont con\u00e7us pour \u00e9pouser le corps. C&rsquo;est l&rsquo;endroit id\u00e9al pour profiter d&rsquo;une lecture tranquille ou d&rsquo;un caf\u00e9 matinal avec vue sur le jardin. Le Compl\u00e9ment Parfait Un fauteuil ne doit jamais \u00eatre seul. Accompagnez-le toujours d&rsquo;une Table d&rsquo;Appoint pour garder votre boisson ou votre appareil \u00e0 port\u00e9e de main. De plus, pour maximiser l&rsquo;exp\u00e9rience de d\u00e9tente, bon nombre de nos mod\u00e8les disposent de Repose-pieds assortis, transformant un simple fauteuil en une chaise longue improvis\u00e9e au confort maximal.\" \/>\n<meta property=\"og:url\" content=\"https:\/\/www.lavillagardendesign.com\/fr\/categorie-produit\/canapes-fauteuils\/fauteuils\/\" \/>\n<meta property=\"og:site_name\" content=\"La Villa Garden&amp;Design\" \/>\n<meta name=\"twitter:card\" content=\"summary_large_image\" \/>\n<script type=\"application\/ld+json\" class=\"yoast-schema-graph\">{\"@context\":\"https:\\\/\\\/schema.org\",\"@graph\":[{\"@type\":\"CollectionPage\",\"@id\":\"https:\\\/\\\/www.lavillagardendesign.com\\\/fr\\\/categorie-produit\\\/canapes-fauteuils\\\/fauteuils\\\/\",\"url\":\"https:\\\/\\\/www.lavillagardendesign.com\\\/fr\\\/categorie-produit\\\/canapes-fauteuils\\\/fauteuils\\\/\",\"name\":\"Fauteuils Archives - La Villa Garden&amp;Design\",\"isPartOf\":{\"@id\":\"https:\\\/\\\/www.lavillagardendesign.com\\\/#website\"},\"breadcrumb\":{\"@id\":\"https:\\\/\\\/www.lavillagardendesign.com\\\/fr\\\/categorie-produit\\\/canapes-fauteuils\\\/fauteuils\\\/#breadcrumb\"},\"inLanguage\":\"fr-FR\"},{\"@type\":\"BreadcrumbList\",\"@id\":\"https:\\\/\\\/www.lavillagardendesign.com\\\/fr\\\/categorie-produit\\\/canapes-fauteuils\\\/fauteuils\\\/#breadcrumb\",\"itemListElement\":[{\"@type\":\"ListItem\",\"position\":1,\"name\":\"Home\",\"item\":\"https:\\\/\\\/www.lavillagardendesign.com\\\/\"},{\"@type\":\"ListItem\",\"position\":2,\"name\":\"Canap\u00e9s &amp; Fauteuils\",\"item\":\"https:\\\/\\\/www.lavillagardendesign.com\\\/fr\\\/product-category\\\/canapes-fauteuils\\\/\"},{\"@type\":\"ListItem\",\"position\":3,\"name\":\"Fauteuils\"}]},{\"@type\":\"WebSite\",\"@id\":\"https:\\\/\\\/www.lavillagardendesign.com\\\/#website\",\"url\":\"https:\\\/\\\/www.lavillagardendesign.com\\\/\",\"name\":\"La Villa Garden&Design\",\"description\":\"\",\"publisher\":{\"@id\":\"https:\\\/\\\/www.lavillagardendesign.com\\\/#organization\"},\"potentialAction\":[{\"@type\":\"SearchAction\",\"target\":{\"@type\":\"EntryPoint\",\"urlTemplate\":\"https:\\\/\\\/www.lavillagardendesign.com\\\/?s={search_term_string}\"},\"query-input\":{\"@type\":\"PropertyValueSpecification\",\"valueRequired\":true,\"valueName\":\"search_term_string\"}}],\"inLanguage\":\"fr-FR\"},{\"@type\":\"Organization\",\"@id\":\"https:\\\/\\\/www.lavillagardendesign.com\\\/#organization\",\"name\":\"La Villa Garden&Design\",\"url\":\"https:\\\/\\\/www.lavillagardendesign.com\\\/\",\"logo\":{\"@type\":\"ImageObject\",\"inLanguage\":\"fr-FR\",\"@id\":\"https:\\\/\\\/www.lavillagardendesign.com\\\/#\\\/schema\\\/logo\\\/image\\\/\",\"url\":\"https:\\\/\\\/www.lavillagardendesign.com\\\/wp-content\\\/uploads\\\/2024\\\/04\\\/logolavilla.png\",\"contentUrl\":\"https:\\\/\\\/www.lavillagardendesign.com\\\/wp-content\\\/uploads\\\/2024\\\/04\\\/logolavilla.png\",\"width\":682,\"height\":391,\"caption\":\"La Villa Garden&Design\"},\"image\":{\"@id\":\"https:\\\/\\\/www.lavillagardendesign.com\\\/#\\\/schema\\\/logo\\\/image\\\/\"},\"sameAs\":[\"https:\\\/\\\/www.facebook.com\\\/lavillagardendesign\\\/\"]}]}<\/script>\n<!-- \/ Yoast SEO plugin. -->","yoast_head_json":{"title":"Fauteuils Archives - La Villa Garden&amp;Design","robots":{"index":"index","follow":"follow","max-snippet":"max-snippet:-1","max-image-preview":"max-image-preview:large","max-video-preview":"max-video-preview:-1"},"canonical":"https:\/\/www.lavillagardendesign.com\/fr\/categorie-produit\/canapes-fauteuils\/fauteuils\/","og_locale":"fr_FR","og_type":"article","og_title":"Fauteuils Archives - La Villa Garden&amp;Design","og_description":"Caract\u00e8re et Confort Individuel Le fauteuil est la pi\u00e8ce qui rompt l&rsquo;uniformit\u00e9 et apporte du caract\u00e8re \u00e0 l&rsquo;ensemble. Qu&rsquo;il s&rsquo;agisse d&rsquo;une pi\u00e8ce sculpturale en corde tress\u00e9e ou d&rsquo;un fauteuil en teck bas et profond, nos fauteuils sont con\u00e7us pour \u00e9pouser le corps. C&rsquo;est l&rsquo;endroit id\u00e9al pour profiter d&rsquo;une lecture tranquille ou d&rsquo;un caf\u00e9 matinal avec vue sur le jardin. Le Compl\u00e9ment Parfait Un fauteuil ne doit jamais \u00eatre seul. Accompagnez-le toujours d&rsquo;une Table d&rsquo;Appoint pour garder votre boisson ou votre appareil \u00e0 port\u00e9e de main. De plus, pour maximiser l&rsquo;exp\u00e9rience de d\u00e9tente, bon nombre de nos mod\u00e8les disposent de Repose-pieds assortis, transformant un simple fauteuil en une chaise longue improvis\u00e9e au confort maximal.","og_url":"https:\/\/www.lavillagardendesign.com\/fr\/categorie-produit\/canapes-fauteuils\/fauteuils\/","og_site_name":"La Villa Garden&amp;Design","twitter_card":"summary_large_image","schema":{"@context":"https:\/\/schema.org","@graph":[{"@type":"CollectionPage","@id":"https:\/\/www.lavillagardendesign.com\/fr\/categorie-produit\/canapes-fauteuils\/fauteuils\/","url":"https:\/\/www.lavillagardendesign.com\/fr\/categorie-produit\/canapes-fauteuils\/fauteuils\/","name":"Fauteuils Archives - La Villa Garden&amp;Design","isPartOf":{"@id":"https:\/\/www.lavillagardendesign.com\/#website"},"breadcrumb":{"@id":"https:\/\/www.lavillagardendesign.com\/fr\/categorie-produit\/canapes-fauteuils\/fauteuils\/#breadcrumb"},"inLanguage":"fr-FR"},{"@type":"BreadcrumbList","@id":"https:\/\/www.lavillagardendesign.com\/fr\/categorie-produit\/canapes-fauteuils\/fauteuils\/#breadcrumb","itemListElement":[{"@type":"ListItem","position":1,"name":"Home","item":"https:\/\/www.lavillagardendesign.com\/"},{"@type":"ListItem","position":2,"name":"Canap\u00e9s &amp; Fauteuils","item":"https:\/\/www.lavillagardendesign.com\/fr\/product-category\/canapes-fauteuils\/"},{"@type":"ListItem","position":3,"name":"Fauteuils"}]},{"@type":"WebSite","@id":"https:\/\/www.lavillagardendesign.com\/#website","url":"https:\/\/www.lavillagardendesign.com\/","name":"La Villa Garden&Design","description":"","publisher":{"@id":"https:\/\/www.lavillagardendesign.com\/#organization"},"potentialAction":[{"@type":"SearchAction","target":{"@type":"EntryPoint","urlTemplate":"https:\/\/www.lavillagardendesign.com\/?s={search_term_string}"},"query-input":{"@type":"PropertyValueSpecification","valueRequired":true,"valueName":"search_term_string"}}],"inLanguage":"fr-FR"},{"@type":"Organization","@id":"https:\/\/www.lavillagardendesign.com\/#organization","name":"La Villa Garden&Design","url":"https:\/\/www.lavillagardendesign.com\/","logo":{"@type":"ImageObject","inLanguage":"fr-FR","@id":"https:\/\/www.lavillagardendesign.com\/#\/schema\/logo\/image\/","url":"https:\/\/www.lavillagardendesign.com\/wp-content\/uploads\/2024\/04\/logolavilla.png","contentUrl":"https:\/\/www.lavillagardendesign.com\/wp-content\/uploads\/2024\/04\/logolavilla.png","width":682,"height":391,"caption":"La Villa Garden&Design"},"image":{"@id":"https:\/\/www.lavillagardendesign.com\/#\/schema\/logo\/image\/"},"sameAs":["https:\/\/www.facebook.com\/lavillagardendesign\/"]}]}},"_links":{"self":[{"href":"https:\/\/www.lavillagardendesign.com\/fr\/wp-json\/wp\/v2\/product_cat\/2936","targetHints":{"allow":["GET"]}}],"collection":[{"href":"https:\/\/www.lavillagardendesign.com\/fr\/wp-json\/wp\/v2\/product_cat"}],"about":[{"href":"https:\/\/www.lavillagardendesign.com\/fr\/wp-json\/wp\/v2\/taxonomies\/product_cat"}],"up":[{"embeddable":true,"href":"https:\/\/www.lavillagardendesign.com\/fr\/wp-json\/wp\/v2\/product_cat\/2935"}],"wp:post_type":[{"href":"https:\/\/www.lavillagardendesign.com\/fr\/wp-json\/wp\/v2\/product?product_cat=2936"}],"curies":[{"name":"wp","href":"https:\/\/api.w.org\/{rel}","templated":true}]}}