{"id":2931,"count":68,"description":"<div>\r\n\r\n<b>Invitation \u00e0 Profiter Sans H\u00e2te<\/b>\r\nDans la culture m\u00e9diterran\u00e9enne, le repas n'est qu'un pr\u00e9texte \u00e0 la conversation. C'est pourquoi nos chaises de repas sont con\u00e7ues en privil\u00e9giant une ergonomie prolong\u00e9e. Nous s\u00e9lectionnons des mod\u00e8les aux profondeurs d'assise \u00e9tudi\u00e9es et aux dossiers enveloppants qui soutiennent la zone lombaire, permettant \u00e0 vos invit\u00e9s de profiter d'heures de confort. Que ce soit pour une villa \u00e0 Ibiza ou une terrasse \u00e0 Barcelone, nos chaises offrent l'\u00e9quilibre parfait entre fonctionnalit\u00e9 (beaucoup sont empilables) et \u00e9l\u00e9gance visuelle.\r\n\r\n<b>Combinaisons Parfaites pour votre Salle \u00e0 Manger<\/b>\r\nLe choix de la chaise doit dialoguer avec la table. Nous proposons des options en aluminium l\u00e9ger pour un look moderne et minimaliste, ou des chaises en bois de teck pour une ambiance plus chaleureuse et organique. De plus, la tapisserie de nos si\u00e8ges utilise des tissus hydrofuges haut de gamme, faciles \u00e0 nettoyer et doux au toucher. Compl\u00e9tez votre salle \u00e0 manger de r\u00eave en visitant notre section <a href=\"https:\/\/www.lavillagardendesign.com\/fr\/categorie-produit\/tables-fr\/tables-repas\/\"><b>Tables de Repas<\/b><\/a> et assurez la protection de vos invit\u00e9s avec nos\u00a0<a href=\"https:\/\/www.lavillagardendesign.com\/fr\/categorie-produit\/parasols\/\"><b>Parasols<\/b>\u00a0<\/a>design.\r\n\r\n<\/div>","link":"https:\/\/www.lavillagardendesign.com\/fr\/categorie-produit\/outdoor-fr\/chaises\/chaises-repas\/","name":"Chaises Repas","slug":"chaises-repas","taxonomy":"product_cat","parent":2929,"meta":[],"menu_order":14,"yoast_head":"<!-- This site is optimized with the Yoast SEO plugin v27.4 - https:\/\/yoast.com\/product\/yoast-seo-wordpress\/ -->\n<title>Chaises Repas Archives - La Villa Garden&amp;Design<\/title>\n<meta name=\"robots\" content=\"index, follow, max-snippet:-1, max-image-preview:large, max-video-preview:-1\" \/>\n<link rel=\"canonical\" href=\"https:\/\/www.lavillagardendesign.com\/fr\/product-category\/chaises\/chaises-repas\/\" \/>\n<meta property=\"og:locale\" content=\"fr_FR\" \/>\n<meta property=\"og:type\" content=\"article\" \/>\n<meta property=\"og:title\" content=\"Chaises Repas Archives - La Villa Garden&amp;Design\" \/>\n<meta property=\"og:description\" content=\"Invitation \u00e0 Profiter Sans H\u00e2te Dans la culture m\u00e9diterran\u00e9enne, le repas n&rsquo;est qu&rsquo;un pr\u00e9texte \u00e0 la conversation. C&rsquo;est pourquoi nos chaises de repas sont con\u00e7ues en privil\u00e9giant une ergonomie prolong\u00e9e. Nous s\u00e9lectionnons des mod\u00e8les aux profondeurs d&rsquo;assise \u00e9tudi\u00e9es et aux dossiers enveloppants qui soutiennent la zone lombaire, permettant \u00e0 vos invit\u00e9s de profiter d&rsquo;heures de confort. Que ce soit pour une villa \u00e0 Ibiza ou une terrasse \u00e0 Barcelone, nos chaises offrent l&rsquo;\u00e9quilibre parfait entre fonctionnalit\u00e9 (beaucoup sont empilables) et \u00e9l\u00e9gance visuelle. Combinaisons Parfaites pour votre Salle \u00e0 Manger Le choix de la chaise doit dialoguer avec la table. Nous proposons des options en aluminium l\u00e9ger pour un look moderne et minimaliste, ou des chaises en bois de teck pour une ambiance plus chaleureuse et organique. De plus, la tapisserie de nos si\u00e8ges utilise des tissus hydrofuges haut de gamme, faciles \u00e0 nettoyer et doux au toucher. Compl\u00e9tez votre salle \u00e0 manger de r\u00eave en visitant notre section Tables de Repas et assurez la protection de vos invit\u00e9s avec nos\u00a0Parasols\u00a0design.\" \/>\n<meta property=\"og:url\" content=\"https:\/\/www.lavillagardendesign.com\/fr\/product-category\/chaises\/chaises-repas\/\" \/>\n<meta property=\"og:site_name\" content=\"La Villa Garden&amp;Design\" \/>\n<meta name=\"twitter:card\" content=\"summary_large_image\" \/>\n<script type=\"application\/ld+json\" class=\"yoast-schema-graph\">{\"@context\":\"https:\\\/\\\/schema.org\",\"@graph\":[{\"@type\":\"CollectionPage\",\"@id\":\"https:\\\/\\\/www.lavillagardendesign.com\\\/fr\\\/product-category\\\/chaises\\\/chaises-repas\\\/\",\"url\":\"https:\\\/\\\/www.lavillagardendesign.com\\\/fr\\\/product-category\\\/chaises\\\/chaises-repas\\\/\",\"name\":\"Chaises Repas Archives - La Villa Garden&amp;Design\",\"isPartOf\":{\"@id\":\"https:\\\/\\\/www.lavillagardendesign.com\\\/#website\"},\"breadcrumb\":{\"@id\":\"https:\\\/\\\/www.lavillagardendesign.com\\\/fr\\\/product-category\\\/chaises\\\/chaises-repas\\\/#breadcrumb\"},\"inLanguage\":\"fr-FR\"},{\"@type\":\"BreadcrumbList\",\"@id\":\"https:\\\/\\\/www.lavillagardendesign.com\\\/fr\\\/product-category\\\/chaises\\\/chaises-repas\\\/#breadcrumb\",\"itemListElement\":[{\"@type\":\"ListItem\",\"position\":1,\"name\":\"Home\",\"item\":\"https:\\\/\\\/www.lavillagardendesign.com\\\/\"},{\"@type\":\"ListItem\",\"position\":2,\"name\":\"Chaises\",\"item\":\"https:\\\/\\\/www.lavillagardendesign.com\\\/fr\\\/product-category\\\/chaises\\\/\"},{\"@type\":\"ListItem\",\"position\":3,\"name\":\"Chaises Repas\"}]},{\"@type\":\"WebSite\",\"@id\":\"https:\\\/\\\/www.lavillagardendesign.com\\\/#website\",\"url\":\"https:\\\/\\\/www.lavillagardendesign.com\\\/\",\"name\":\"La Villa Garden&Design\",\"description\":\"\",\"publisher\":{\"@id\":\"https:\\\/\\\/www.lavillagardendesign.com\\\/#organization\"},\"potentialAction\":[{\"@type\":\"SearchAction\",\"target\":{\"@type\":\"EntryPoint\",\"urlTemplate\":\"https:\\\/\\\/www.lavillagardendesign.com\\\/?s={search_term_string}\"},\"query-input\":{\"@type\":\"PropertyValueSpecification\",\"valueRequired\":true,\"valueName\":\"search_term_string\"}}],\"inLanguage\":\"fr-FR\"},{\"@type\":\"Organization\",\"@id\":\"https:\\\/\\\/www.lavillagardendesign.com\\\/#organization\",\"name\":\"La Villa Garden&Design\",\"url\":\"https:\\\/\\\/www.lavillagardendesign.com\\\/\",\"logo\":{\"@type\":\"ImageObject\",\"inLanguage\":\"fr-FR\",\"@id\":\"https:\\\/\\\/www.lavillagardendesign.com\\\/#\\\/schema\\\/logo\\\/image\\\/\",\"url\":\"https:\\\/\\\/www.lavillagardendesign.com\\\/wp-content\\\/uploads\\\/2024\\\/04\\\/logolavilla.png\",\"contentUrl\":\"https:\\\/\\\/www.lavillagardendesign.com\\\/wp-content\\\/uploads\\\/2024\\\/04\\\/logolavilla.png\",\"width\":682,\"height\":391,\"caption\":\"La Villa Garden&Design\"},\"image\":{\"@id\":\"https:\\\/\\\/www.lavillagardendesign.com\\\/#\\\/schema\\\/logo\\\/image\\\/\"},\"sameAs\":[\"https:\\\/\\\/www.facebook.com\\\/lavillagardendesign\\\/\"]}]}<\/script>\n<!-- \/ Yoast SEO plugin. -->","yoast_head_json":{"title":"Chaises Repas Archives - La Villa Garden&amp;Design","robots":{"index":"index","follow":"follow","max-snippet":"max-snippet:-1","max-image-preview":"max-image-preview:large","max-video-preview":"max-video-preview:-1"},"canonical":"https:\/\/www.lavillagardendesign.com\/fr\/product-category\/chaises\/chaises-repas\/","og_locale":"fr_FR","og_type":"article","og_title":"Chaises Repas Archives - La Villa Garden&amp;Design","og_description":"Invitation \u00e0 Profiter Sans H\u00e2te Dans la culture m\u00e9diterran\u00e9enne, le repas n&rsquo;est qu&rsquo;un pr\u00e9texte \u00e0 la conversation. C&rsquo;est pourquoi nos chaises de repas sont con\u00e7ues en privil\u00e9giant une ergonomie prolong\u00e9e. Nous s\u00e9lectionnons des mod\u00e8les aux profondeurs d&rsquo;assise \u00e9tudi\u00e9es et aux dossiers enveloppants qui soutiennent la zone lombaire, permettant \u00e0 vos invit\u00e9s de profiter d&rsquo;heures de confort. Que ce soit pour une villa \u00e0 Ibiza ou une terrasse \u00e0 Barcelone, nos chaises offrent l&rsquo;\u00e9quilibre parfait entre fonctionnalit\u00e9 (beaucoup sont empilables) et \u00e9l\u00e9gance visuelle. Combinaisons Parfaites pour votre Salle \u00e0 Manger Le choix de la chaise doit dialoguer avec la table. Nous proposons des options en aluminium l\u00e9ger pour un look moderne et minimaliste, ou des chaises en bois de teck pour une ambiance plus chaleureuse et organique. De plus, la tapisserie de nos si\u00e8ges utilise des tissus hydrofuges haut de gamme, faciles \u00e0 nettoyer et doux au toucher. Compl\u00e9tez votre salle \u00e0 manger de r\u00eave en visitant notre section Tables de Repas et assurez la protection de vos invit\u00e9s avec nos\u00a0Parasols\u00a0design.","og_url":"https:\/\/www.lavillagardendesign.com\/fr\/product-category\/chaises\/chaises-repas\/","og_site_name":"La Villa Garden&amp;Design","twitter_card":"summary_large_image","schema":{"@context":"https:\/\/schema.org","@graph":[{"@type":"CollectionPage","@id":"https:\/\/www.lavillagardendesign.com\/fr\/product-category\/chaises\/chaises-repas\/","url":"https:\/\/www.lavillagardendesign.com\/fr\/product-category\/chaises\/chaises-repas\/","name":"Chaises Repas Archives - La Villa Garden&amp;Design","isPartOf":{"@id":"https:\/\/www.lavillagardendesign.com\/#website"},"breadcrumb":{"@id":"https:\/\/www.lavillagardendesign.com\/fr\/product-category\/chaises\/chaises-repas\/#breadcrumb"},"inLanguage":"fr-FR"},{"@type":"BreadcrumbList","@id":"https:\/\/www.lavillagardendesign.com\/fr\/product-category\/chaises\/chaises-repas\/#breadcrumb","itemListElement":[{"@type":"ListItem","position":1,"name":"Home","item":"https:\/\/www.lavillagardendesign.com\/"},{"@type":"ListItem","position":2,"name":"Chaises","item":"https:\/\/www.lavillagardendesign.com\/fr\/product-category\/chaises\/"},{"@type":"ListItem","position":3,"name":"Chaises Repas"}]},{"@type":"WebSite","@id":"https:\/\/www.lavillagardendesign.com\/#website","url":"https:\/\/www.lavillagardendesign.com\/","name":"La Villa Garden&Design","description":"","publisher":{"@id":"https:\/\/www.lavillagardendesign.com\/#organization"},"potentialAction":[{"@type":"SearchAction","target":{"@type":"EntryPoint","urlTemplate":"https:\/\/www.lavillagardendesign.com\/?s={search_term_string}"},"query-input":{"@type":"PropertyValueSpecification","valueRequired":true,"valueName":"search_term_string"}}],"inLanguage":"fr-FR"},{"@type":"Organization","@id":"https:\/\/www.lavillagardendesign.com\/#organization","name":"La Villa Garden&Design","url":"https:\/\/www.lavillagardendesign.com\/","logo":{"@type":"ImageObject","inLanguage":"fr-FR","@id":"https:\/\/www.lavillagardendesign.com\/#\/schema\/logo\/image\/","url":"https:\/\/www.lavillagardendesign.com\/wp-content\/uploads\/2024\/04\/logolavilla.png","contentUrl":"https:\/\/www.lavillagardendesign.com\/wp-content\/uploads\/2024\/04\/logolavilla.png","width":682,"height":391,"caption":"La Villa Garden&Design"},"image":{"@id":"https:\/\/www.lavillagardendesign.com\/#\/schema\/logo\/image\/"},"sameAs":["https:\/\/www.facebook.com\/lavillagardendesign\/"]}]}},"_links":{"self":[{"href":"https:\/\/www.lavillagardendesign.com\/fr\/wp-json\/wp\/v2\/product_cat\/2931","targetHints":{"allow":["GET"]}}],"collection":[{"href":"https:\/\/www.lavillagardendesign.com\/fr\/wp-json\/wp\/v2\/product_cat"}],"about":[{"href":"https:\/\/www.lavillagardendesign.com\/fr\/wp-json\/wp\/v2\/taxonomies\/product_cat"}],"up":[{"embeddable":true,"href":"https:\/\/www.lavillagardendesign.com\/fr\/wp-json\/wp\/v2\/product_cat\/2929"}],"wp:post_type":[{"href":"https:\/\/www.lavillagardendesign.com\/fr\/wp-json\/wp\/v2\/product?product_cat=2931"}],"curies":[{"name":"wp","href":"https:\/\/api.w.org\/{rel}","templated":true}]}}